{"id":10176,"date":"2024-06-20T12:31:45","date_gmt":"2024-06-20T12:31:45","guid":{"rendered":"https:\/\/www.fmemorialservices.com\/?p=10176"},"modified":"2024-06-20T13:15:08","modified_gmt":"2024-06-20T13:15:08","slug":"razones-para-planificar-por-adelantado-su-funeral","status":"publish","type":"post","link":"https:\/\/www.fmemorialservices.com\/en\/razones-para-planificar-por-adelantado-su-funeral\/","title":{"rendered":"Reasons to plan your funeral in advance"},"content":{"rendered":"<div data-elementor-type=\"wp-post\" data-elementor-id=\"10176\" class=\"elementor elementor-10176\">\n\t\t\t\t<div class=\"elementor-element elementor-element-0c927ac e-flex e-con-boxed e-con e-parent\" data-id=\"0c927ac\" data-element_type=\"container\" data-settings=\"{&quot;background_background&quot;:&quot;classic&quot;}\">\n\t\t\t\t\t<div class=\"e-con-inner\">\n\t\t<div class=\"elementor-element elementor-element-e611bff e-flex e-con-boxed e-con e-child\" data-id=\"e611bff\" data-element_type=\"container\">\n\t\t\t\t\t<div class=\"e-con-inner\">\n\t\t\t\t<div class=\"elementor-element elementor-element-19e28db elementor-widget elementor-widget-image\" data-id=\"19e28db\" data-element_type=\"widget\" data-settings=\"{&quot;ekit_we_effect_on&quot;:&quot;none&quot;}\" data-widget_type=\"image.default\">\n\t\t\t\t<div class=\"elementor-widget-container\">\n\t\t\t\t\t\t\t\t\t\t\t\t\t\t\t<img fetchpriority=\"high\" decoding=\"async\" width=\"1600\" height=\"730\" src=\"https:\/\/www.fmemorialservices.com\/wp-content\/uploads\/2024\/06\/articulo1.jpg\" class=\"attachment-full size-full wp-image-10192\" alt=\"\" srcset=\"https:\/\/www.fmemorialservices.com\/wp-content\/uploads\/2024\/06\/articulo1.jpg 1600w, https:\/\/www.fmemorialservices.com\/wp-content\/uploads\/2024\/06\/articulo1-600x274.jpg 600w, https:\/\/www.fmemorialservices.com\/wp-content\/uploads\/2024\/06\/articulo1-300x137.jpg 300w, https:\/\/www.fmemorialservices.com\/wp-content\/uploads\/2024\/06\/articulo1-1024x467.jpg 1024w, https:\/\/www.fmemorialservices.com\/wp-content\/uploads\/2024\/06\/articulo1-768x350.jpg 768w, https:\/\/www.fmemorialservices.com\/wp-content\/uploads\/2024\/06\/articulo1-1536x701.jpg 1536w, https:\/\/www.fmemorialservices.com\/wp-content\/uploads\/2024\/06\/articulo1-18x8.jpg 18w\" sizes=\"(max-width: 1600px) 100vw, 1600px\" \/>\t\t\t\t\t\t\t\t\t\t\t\t\t\t\t<\/div>\n\t\t\t\t<\/div>\n\t\t\t\t\t<\/div>\n\t\t\t\t<\/div>\n\t\t<div class=\"elementor-element elementor-element-104f441 e-flex e-con-boxed e-con e-child\" data-id=\"104f441\" data-element_type=\"container\">\n\t\t\t\t\t<div class=\"e-con-inner\">\n\t\t\t\t<div class=\"elementor-element elementor-element-9cf964c elementor-widget elementor-widget-heading\" data-id=\"9cf964c\" data-element_type=\"widget\" data-settings=\"{&quot;ekit_we_effect_on&quot;:&quot;none&quot;}\" data-widget_type=\"heading.default\">\n\t\t\t\t<div class=\"elementor-widget-container\">\n\t\t\t\t\t<h3 class=\"elementor-heading-title elementor-size-default\">Reasons to plan your funeral in advance<\/h3>\t\t\t\t<\/div>\n\t\t\t\t<\/div>\n\t\t\t\t\t<\/div>\n\t\t\t\t<\/div>\n\t\t<div class=\"elementor-element elementor-element-f34585c e-flex e-con-boxed e-con e-child\" data-id=\"f34585c\" data-element_type=\"container\">\n\t\t\t\t\t<div class=\"e-con-inner\">\n\t\t\t\t<div class=\"elementor-element elementor-element-62e4a68 elementor-widget elementor-widget-text-editor\" data-id=\"62e4a68\" data-element_type=\"widget\" data-settings=\"{&quot;ekit_we_effect_on&quot;:&quot;none&quot;}\" data-widget_type=\"text-editor.default\">\n\t\t\t\t<div class=\"elementor-widget-container\">\n\t\t\t\t\t\t\t\t\t<p>Planificar por adelantado un funeral ofrece numerosos beneficios tanto para ti como para tus seres queridos. Aqu\u00ed te explicamos por qu\u00e9 es una decisi\u00f3n sabia y compasiva:<\/p><ol><li><p><strong>Alivio para tus Seres Queridos:<\/strong> Al planificar por adelantado, eliminas la carga emocional y financiera que tus seres queridos enfrentar\u00edan en un momento de dolor. Saber que todo est\u00e1 preparado proporciona una profunda tranquilidad.<\/p><\/li><li><p><strong>Control y Personalizaci\u00f3n:<\/strong> Tienes el control total para decidir c\u00f3mo quieres que sean tus servicios funerarios y de memorializaci\u00f3n. Puedes personalizar cada detalle seg\u00fan tus deseos y valores, asegurando que tus \u00faltimos deseos se respeten.<\/p><\/li><li><p><strong>Protecci\u00f3n Contra la Inflaci\u00f3n:<\/strong> Los costos de los servicios funerarios tienden a aumentar con el tiempo. Al planificar por adelantado, aseguras los precios actuales, evitando los aumentos futuros y protegiendo tus ahorros.<\/p><\/li><li><p><strong>Facilidad de Pago:<\/strong> Ofrecemos opciones de pago flexibles que se ajustan a tu presupuesto, permiti\u00e9ndote financiar los costos en c\u00f3modas cuotas en lugar de un pago \u00fanico.<\/p><\/li><li><p><strong>Eliminaci\u00f3n de Decisiones Dif\u00edciles:<\/strong> Planificar con anticipaci\u00f3n evita que tus seres queridos tomen decisiones dif\u00edciles y potencialmente conflictivas bajo presi\u00f3n emocional. Todo estar\u00e1 decidido y documentado de antemano.<\/p><\/li><li><p><strong>Beneficios para la Salud Emocional:<\/strong> Tener un plan anticipado no solo reduce el estr\u00e9s para ti, sino que tambi\u00e9n brinda consuelo a tu familia, sabiendo que tus \u00faltimos deseos se respetar\u00e1n y cumplir\u00e1n.<\/p><\/li><li><p><strong>Facilidad de Acceso y Transferencia:<\/strong> Muchos planes son f\u00e1cilmente transferibles si te mudas o cambias de lugar de residencia, garantizando que tus deseos se cumplan donde sea que est\u00e9s.<\/p><\/li><li><p><strong>Asesoramiento Profesional:<\/strong> Al planificar por adelantado con nosotros, recibir\u00e1s asesoramiento profesional para asegurarte de que todas tus necesidades y deseos sean atendidos de manera adecuada y respetuosa.<\/p><\/li><li><p><strong>Apoyo Continuo:<\/strong> Nuestro equipo est\u00e1 disponible para ofrecer apoyo continuo a ti y a tu familia, tanto durante el proceso de planificaci\u00f3n como en el momento en que se necesiten los servicios.<\/p><\/li><li><p><strong>Tranquilidad para Ti y Tu Familia:<\/strong> Saber que todo est\u00e1 planificado y organizado proporciona una tranquilidad inigualable, permiti\u00e9ndote disfrutar de la vida sin preocupaciones innecesarias.<\/p><\/li><\/ol>\t\t\t\t\t\t\t\t<\/div>\n\t\t\t\t<\/div>\n\t\t<div class=\"elementor-element elementor-element-2b7f0b7 e-flex e-con-boxed e-con e-child\" data-id=\"2b7f0b7\" data-element_type=\"container\">\n\t\t\t\t\t<div class=\"e-con-inner\">\n\t\t\t\t<div class=\"elementor-element elementor-element-d39e8b3 elementor-widget elementor-widget-text-editor\" data-id=\"d39e8b3\" data-element_type=\"widget\" data-settings=\"{&quot;ekit_we_effect_on&quot;:&quot;none&quot;}\" data-widget_type=\"text-editor.default\">\n\t\t\t\t<div class=\"elementor-widget-container\">\n\t\t\t\t\t\t\t\t\t<p>En Family Memorial Insurance Services, estamos comprometidos a ayudarte a planificar con confianza y asegurar la tranquilidad de tu familia.<\/p>\t\t\t\t\t\t\t\t<\/div>\n\t\t\t\t<\/div>\n\t\t\t\t\t<\/div>\n\t\t\t\t<\/div>\n\t\t\t\t\t<\/div>\n\t\t\t\t<\/div>\n\t\t\t\t\t<\/div>\n\t\t\t\t<\/div>\n\t\t\t\t<\/div>","protected":false},"excerpt":{"rendered":"<p>Planificar por adelantado un funeral ofrece numerosos beneficios tanto para ti como para tus seres queridos. Aqu\u00ed te explicamos por qu\u00e9 es una decisi\u00f3n sabia y compasiva.<\/p>","protected":false},"author":1,"featured_media":10192,"comment_status":"open","ping_status":"open","sticky":false,"template":"elementor_header_footer","format":"standard","meta":{"inline_featured_image":false,"footnotes":""},"categories":[11],"tags":[],"class_list":["post-10176","post","type-post","status-publish","format-standard","has-post-thumbnail","hentry","category-memorial-services"],"yoast_head":"<!-- This site is optimized with the Yoast SEO Premium plugin v22.7 (Yoast SEO v26.8) - https:\/\/yoast.com\/product\/yoast-seo-premium-wordpress\/ -->\n<title>Razones para planificar por adelantado su funeral - Family Memorial Insurance Services<\/title>\n<meta name=\"robots\" content=\"index, follow, max-snippet:-1, max-image-preview:large, max-video-preview:-1\" \/>\n<link rel=\"canonical\" href=\"https:\/\/www.fmemorialservices.com\/en\/razones-para-planificar-por-adelantado-su-funeral\/\" \/>\n<meta property=\"og:locale\" content=\"en_US\" \/>\n<meta property=\"og:type\" content=\"article\" \/>\n<meta property=\"og:title\" content=\"Razones para planificar por adelantado su funeral\" \/>\n<meta property=\"og:description\" content=\"Planificar por adelantado un funeral ofrece numerosos beneficios tanto para ti como para tus seres queridos. Aqu\u00ed te explicamos por qu\u00e9 es una decisi\u00f3n sabia y compasiva.\" \/>\n<meta property=\"og:url\" content=\"https:\/\/www.fmemorialservices.com\/en\/razones-para-planificar-por-adelantado-su-funeral\/\" \/>\n<meta property=\"og:site_name\" content=\"Family Memorial Insurance Services\" \/>\n<meta property=\"article:published_time\" content=\"2024-06-20T12:31:45+00:00\" \/>\n<meta property=\"article:modified_time\" content=\"2024-06-20T13:15:08+00:00\" \/>\n<meta property=\"og:image\" content=\"https:\/\/www.fmemorialservices.com\/wp-content\/uploads\/2024\/06\/articulo1.jpg\" \/>\n\t<meta property=\"og:image:width\" content=\"1600\" \/>\n\t<meta property=\"og:image:height\" content=\"730\" \/>\n\t<meta property=\"og:image:type\" content=\"image\/jpeg\" \/>\n<meta name=\"author\" content=\"fmemorialservices_ahcr3k\" \/>\n<meta name=\"twitter:card\" content=\"summary_large_image\" \/>\n<meta name=\"twitter:label1\" content=\"Written by\" \/>\n\t<meta name=\"twitter:data1\" content=\"fmemorialservices_ahcr3k\" \/>\n\t<meta name=\"twitter:label2\" content=\"Est. reading time\" \/>\n\t<meta name=\"twitter:data2\" content=\"2 minutes\" \/>\n<script type=\"application\/ld+json\" class=\"yoast-schema-graph\">{\"@context\":\"https:\/\/schema.org\",\"@graph\":[{\"@type\":\"Article\",\"@id\":\"https:\/\/www.fmemorialservices.com\/razones-para-planificar-por-adelantado-su-funeral\/#article\",\"isPartOf\":{\"@id\":\"https:\/\/www.fmemorialservices.com\/razones-para-planificar-por-adelantado-su-funeral\/\"},\"author\":{\"name\":\"fmemorialservices_ahcr3k\",\"@id\":\"https:\/\/www.fmemorialservices.com\/#\/schema\/person\/286f5cbd68289183b6d0d138a293c708\"},\"headline\":\"Razones para planificar por adelantado su funeral\",\"datePublished\":\"2024-06-20T12:31:45+00:00\",\"dateModified\":\"2024-06-20T13:15:08+00:00\",\"mainEntityOfPage\":{\"@id\":\"https:\/\/www.fmemorialservices.com\/razones-para-planificar-por-adelantado-su-funeral\/\"},\"wordCount\":387,\"commentCount\":0,\"publisher\":{\"@id\":\"https:\/\/www.fmemorialservices.com\/#organization\"},\"image\":{\"@id\":\"https:\/\/www.fmemorialservices.com\/razones-para-planificar-por-adelantado-su-funeral\/#primaryimage\"},\"thumbnailUrl\":\"https:\/\/www.fmemorialservices.com\/wp-content\/uploads\/2024\/06\/articulo1.jpg\",\"articleSection\":[\"Memorial Services\"],\"inLanguage\":\"en-US\",\"potentialAction\":[{\"@type\":\"CommentAction\",\"name\":\"Comment\",\"target\":[\"https:\/\/www.fmemorialservices.com\/razones-para-planificar-por-adelantado-su-funeral\/#respond\"]}]},{\"@type\":\"WebPage\",\"@id\":\"https:\/\/www.fmemorialservices.com\/razones-para-planificar-por-adelantado-su-funeral\/\",\"url\":\"https:\/\/www.fmemorialservices.com\/razones-para-planificar-por-adelantado-su-funeral\/\",\"name\":\"Razones para planificar por adelantado su funeral - Family Memorial Insurance Services\",\"isPartOf\":{\"@id\":\"https:\/\/www.fmemorialservices.com\/#website\"},\"primaryImageOfPage\":{\"@id\":\"https:\/\/www.fmemorialservices.com\/razones-para-planificar-por-adelantado-su-funeral\/#primaryimage\"},\"image\":{\"@id\":\"https:\/\/www.fmemorialservices.com\/razones-para-planificar-por-adelantado-su-funeral\/#primaryimage\"},\"thumbnailUrl\":\"https:\/\/www.fmemorialservices.com\/wp-content\/uploads\/2024\/06\/articulo1.jpg\",\"datePublished\":\"2024-06-20T12:31:45+00:00\",\"dateModified\":\"2024-06-20T13:15:08+00:00\",\"breadcrumb\":{\"@id\":\"https:\/\/www.fmemorialservices.com\/razones-para-planificar-por-adelantado-su-funeral\/#breadcrumb\"},\"inLanguage\":\"en-US\",\"potentialAction\":[{\"@type\":\"ReadAction\",\"target\":[\"https:\/\/www.fmemorialservices.com\/razones-para-planificar-por-adelantado-su-funeral\/\"]}]},{\"@type\":\"ImageObject\",\"inLanguage\":\"en-US\",\"@id\":\"https:\/\/www.fmemorialservices.com\/razones-para-planificar-por-adelantado-su-funeral\/#primaryimage\",\"url\":\"https:\/\/www.fmemorialservices.com\/wp-content\/uploads\/2024\/06\/articulo1.jpg\",\"contentUrl\":\"https:\/\/www.fmemorialservices.com\/wp-content\/uploads\/2024\/06\/articulo1.jpg\",\"width\":1600,\"height\":730},{\"@type\":\"BreadcrumbList\",\"@id\":\"https:\/\/www.fmemorialservices.com\/razones-para-planificar-por-adelantado-su-funeral\/#breadcrumb\",\"itemListElement\":[{\"@type\":\"ListItem\",\"position\":1,\"name\":\"Inicio\",\"item\":\"https:\/\/www.fmemorialservices.com\/\"},{\"@type\":\"ListItem\",\"position\":2,\"name\":\"Razones para planificar por adelantado su funeral\"}]},{\"@type\":\"WebSite\",\"@id\":\"https:\/\/www.fmemorialservices.com\/#website\",\"url\":\"https:\/\/www.fmemorialservices.com\/\",\"name\":\"Family Memorial Insurance Services\",\"description\":\"Life &amp; Pre-Need Care\",\"publisher\":{\"@id\":\"https:\/\/www.fmemorialservices.com\/#organization\"},\"potentialAction\":[{\"@type\":\"SearchAction\",\"target\":{\"@type\":\"EntryPoint\",\"urlTemplate\":\"https:\/\/www.fmemorialservices.com\/?s={search_term_string}\"},\"query-input\":{\"@type\":\"PropertyValueSpecification\",\"valueRequired\":true,\"valueName\":\"search_term_string\"}}],\"inLanguage\":\"en-US\"},{\"@type\":\"Organization\",\"@id\":\"https:\/\/www.fmemorialservices.com\/#organization\",\"name\":\"Family Memorial Insurance Services\",\"url\":\"https:\/\/www.fmemorialservices.com\/\",\"logo\":{\"@type\":\"ImageObject\",\"inLanguage\":\"en-US\",\"@id\":\"https:\/\/www.fmemorialservices.com\/#\/schema\/logo\/image\/\",\"url\":\"https:\/\/www.fmemorialservices.com\/wp-content\/uploads\/2024\/05\/logo-fmemorial-insurance-services-2.png\",\"contentUrl\":\"https:\/\/www.fmemorialservices.com\/wp-content\/uploads\/2024\/05\/logo-fmemorial-insurance-services-2.png\",\"width\":700,\"height\":211,\"caption\":\"Family Memorial Insurance Services\"},\"image\":{\"@id\":\"https:\/\/www.fmemorialservices.com\/#\/schema\/logo\/image\/\"}},{\"@type\":\"Person\",\"@id\":\"https:\/\/www.fmemorialservices.com\/#\/schema\/person\/286f5cbd68289183b6d0d138a293c708\",\"name\":\"fmemorialservices_ahcr3k\",\"image\":{\"@type\":\"ImageObject\",\"inLanguage\":\"en-US\",\"@id\":\"https:\/\/www.fmemorialservices.com\/#\/schema\/person\/image\/\",\"url\":\"https:\/\/secure.gravatar.com\/avatar\/ec24ff0b7d22a09169d4f264e5f8ddaeea742258d140a48f090378835b3aea6b?s=96&d=mm&r=g\",\"contentUrl\":\"https:\/\/secure.gravatar.com\/avatar\/ec24ff0b7d22a09169d4f264e5f8ddaeea742258d140a48f090378835b3aea6b?s=96&d=mm&r=g\",\"caption\":\"fmemorialservices_ahcr3k\"},\"sameAs\":[\"https:\/\/www.fmemorialservices.com\"],\"url\":\"https:\/\/www.fmemorialservices.com\/en\/author\/fmemorialservices_ahcr3k\/\"}]}<\/script>\n<!-- \/ Yoast SEO Premium plugin. -->","yoast_head_json":{"title":"Razones para planificar por adelantado su funeral - Family Memorial Insurance Services","robots":{"index":"index","follow":"follow","max-snippet":"max-snippet:-1","max-image-preview":"max-image-preview:large","max-video-preview":"max-video-preview:-1"},"canonical":"https:\/\/www.fmemorialservices.com\/en\/razones-para-planificar-por-adelantado-su-funeral\/","og_locale":"en_US","og_type":"article","og_title":"Razones para planificar por adelantado su funeral","og_description":"Planificar por adelantado un funeral ofrece numerosos beneficios tanto para ti como para tus seres queridos. Aqu\u00ed te explicamos por qu\u00e9 es una decisi\u00f3n sabia y compasiva.","og_url":"https:\/\/www.fmemorialservices.com\/en\/razones-para-planificar-por-adelantado-su-funeral\/","og_site_name":"Family Memorial Insurance Services","article_published_time":"2024-06-20T12:31:45+00:00","article_modified_time":"2024-06-20T13:15:08+00:00","og_image":[{"width":1600,"height":730,"url":"https:\/\/www.fmemorialservices.com\/wp-content\/uploads\/2024\/06\/articulo1.jpg","type":"image\/jpeg"}],"author":"fmemorialservices_ahcr3k","twitter_card":"summary_large_image","twitter_misc":{"Written by":"fmemorialservices_ahcr3k","Est. reading time":"2 minutes"},"schema":{"@context":"https:\/\/schema.org","@graph":[{"@type":"Article","@id":"https:\/\/www.fmemorialservices.com\/razones-para-planificar-por-adelantado-su-funeral\/#article","isPartOf":{"@id":"https:\/\/www.fmemorialservices.com\/razones-para-planificar-por-adelantado-su-funeral\/"},"author":{"name":"fmemorialservices_ahcr3k","@id":"https:\/\/www.fmemorialservices.com\/#\/schema\/person\/286f5cbd68289183b6d0d138a293c708"},"headline":"Razones para planificar por adelantado su funeral","datePublished":"2024-06-20T12:31:45+00:00","dateModified":"2024-06-20T13:15:08+00:00","mainEntityOfPage":{"@id":"https:\/\/www.fmemorialservices.com\/razones-para-planificar-por-adelantado-su-funeral\/"},"wordCount":387,"commentCount":0,"publisher":{"@id":"https:\/\/www.fmemorialservices.com\/#organization"},"image":{"@id":"https:\/\/www.fmemorialservices.com\/razones-para-planificar-por-adelantado-su-funeral\/#primaryimage"},"thumbnailUrl":"https:\/\/www.fmemorialservices.com\/wp-content\/uploads\/2024\/06\/articulo1.jpg","articleSection":["Memorial Services"],"inLanguage":"en-US","potentialAction":[{"@type":"CommentAction","name":"Comment","target":["https:\/\/www.fmemorialservices.com\/razones-para-planificar-por-adelantado-su-funeral\/#respond"]}]},{"@type":"WebPage","@id":"https:\/\/www.fmemorialservices.com\/razones-para-planificar-por-adelantado-su-funeral\/","url":"https:\/\/www.fmemorialservices.com\/razones-para-planificar-por-adelantado-su-funeral\/","name":"Razones para planificar por adelantado su funeral - Family Memorial Insurance Services","isPartOf":{"@id":"https:\/\/www.fmemorialservices.com\/#website"},"primaryImageOfPage":{"@id":"https:\/\/www.fmemorialservices.com\/razones-para-planificar-por-adelantado-su-funeral\/#primaryimage"},"image":{"@id":"https:\/\/www.fmemorialservices.com\/razones-para-planificar-por-adelantado-su-funeral\/#primaryimage"},"thumbnailUrl":"https:\/\/www.fmemorialservices.com\/wp-content\/uploads\/2024\/06\/articulo1.jpg","datePublished":"2024-06-20T12:31:45+00:00","dateModified":"2024-06-20T13:15:08+00:00","breadcrumb":{"@id":"https:\/\/www.fmemorialservices.com\/razones-para-planificar-por-adelantado-su-funeral\/#breadcrumb"},"inLanguage":"en-US","potentialAction":[{"@type":"ReadAction","target":["https:\/\/www.fmemorialservices.com\/razones-para-planificar-por-adelantado-su-funeral\/"]}]},{"@type":"ImageObject","inLanguage":"en-US","@id":"https:\/\/www.fmemorialservices.com\/razones-para-planificar-por-adelantado-su-funeral\/#primaryimage","url":"https:\/\/www.fmemorialservices.com\/wp-content\/uploads\/2024\/06\/articulo1.jpg","contentUrl":"https:\/\/www.fmemorialservices.com\/wp-content\/uploads\/2024\/06\/articulo1.jpg","width":1600,"height":730},{"@type":"BreadcrumbList","@id":"https:\/\/www.fmemorialservices.com\/razones-para-planificar-por-adelantado-su-funeral\/#breadcrumb","itemListElement":[{"@type":"ListItem","position":1,"name":"Inicio","item":"https:\/\/www.fmemorialservices.com\/"},{"@type":"ListItem","position":2,"name":"Razones para planificar por adelantado su funeral"}]},{"@type":"WebSite","@id":"https:\/\/www.fmemorialservices.com\/#website","url":"https:\/\/www.fmemorialservices.com\/","name":"Family Memorial Insurance Services","description":"Life &amp; Pre-Need Care","publisher":{"@id":"https:\/\/www.fmemorialservices.com\/#organization"},"potentialAction":[{"@type":"SearchAction","target":{"@type":"EntryPoint","urlTemplate":"https:\/\/www.fmemorialservices.com\/?s={search_term_string}"},"query-input":{"@type":"PropertyValueSpecification","valueRequired":true,"valueName":"search_term_string"}}],"inLanguage":"en-US"},{"@type":"Organization","@id":"https:\/\/www.fmemorialservices.com\/#organization","name":"Family Memorial Insurance Services","url":"https:\/\/www.fmemorialservices.com\/","logo":{"@type":"ImageObject","inLanguage":"en-US","@id":"https:\/\/www.fmemorialservices.com\/#\/schema\/logo\/image\/","url":"https:\/\/www.fmemorialservices.com\/wp-content\/uploads\/2024\/05\/logo-fmemorial-insurance-services-2.png","contentUrl":"https:\/\/www.fmemorialservices.com\/wp-content\/uploads\/2024\/05\/logo-fmemorial-insurance-services-2.png","width":700,"height":211,"caption":"Family Memorial Insurance Services"},"image":{"@id":"https:\/\/www.fmemorialservices.com\/#\/schema\/logo\/image\/"}},{"@type":"Person","@id":"https:\/\/www.fmemorialservices.com\/#\/schema\/person\/286f5cbd68289183b6d0d138a293c708","name":"fmemorialservices_ahcr3k","image":{"@type":"ImageObject","inLanguage":"en-US","@id":"https:\/\/www.fmemorialservices.com\/#\/schema\/person\/image\/","url":"https:\/\/secure.gravatar.com\/avatar\/ec24ff0b7d22a09169d4f264e5f8ddaeea742258d140a48f090378835b3aea6b?s=96&d=mm&r=g","contentUrl":"https:\/\/secure.gravatar.com\/avatar\/ec24ff0b7d22a09169d4f264e5f8ddaeea742258d140a48f090378835b3aea6b?s=96&d=mm&r=g","caption":"fmemorialservices_ahcr3k"},"sameAs":["https:\/\/www.fmemorialservices.com"],"url":"https:\/\/www.fmemorialservices.com\/en\/author\/fmemorialservices_ahcr3k\/"}]}},"_links":{"self":[{"href":"https:\/\/www.fmemorialservices.com\/en\/wp-json\/wp\/v2\/posts\/10176","targetHints":{"allow":["GET"]}}],"collection":[{"href":"https:\/\/www.fmemorialservices.com\/en\/wp-json\/wp\/v2\/posts"}],"about":[{"href":"https:\/\/www.fmemorialservices.com\/en\/wp-json\/wp\/v2\/types\/post"}],"author":[{"embeddable":true,"href":"https:\/\/www.fmemorialservices.com\/en\/wp-json\/wp\/v2\/users\/1"}],"replies":[{"embeddable":true,"href":"https:\/\/www.fmemorialservices.com\/en\/wp-json\/wp\/v2\/comments?post=10176"}],"version-history":[{"count":10,"href":"https:\/\/www.fmemorialservices.com\/en\/wp-json\/wp\/v2\/posts\/10176\/revisions"}],"predecessor-version":[{"id":10223,"href":"https:\/\/www.fmemorialservices.com\/en\/wp-json\/wp\/v2\/posts\/10176\/revisions\/10223"}],"wp:featuredmedia":[{"embeddable":true,"href":"https:\/\/www.fmemorialservices.com\/en\/wp-json\/wp\/v2\/media\/10192"}],"wp:attachment":[{"href":"https:\/\/www.fmemorialservices.com\/en\/wp-json\/wp\/v2\/media?parent=10176"}],"wp:term":[{"taxonomy":"category","embeddable":true,"href":"https:\/\/www.fmemorialservices.com\/en\/wp-json\/wp\/v2\/categories?post=10176"},{"taxonomy":"post_tag","embeddable":true,"href":"https:\/\/www.fmemorialservices.com\/en\/wp-json\/wp\/v2\/tags?post=10176"}],"curies":[{"name":"wp","href":"https:\/\/api.w.org\/{rel}","templated":true}]}}